{"id":11513,"date":"2024-11-30T19:38:42","date_gmt":"2024-11-30T18:38:42","guid":{"rendered":"https:\/\/agora-eoi.xtec.cat\/eoibanyoles\/?p=11513"},"modified":"2025-04-25T09:46:52","modified_gmt":"2025-04-25T07:46:52","slug":"obert-a-tothom-seguim-collaborant-amb-la-marato-de-tv3-i-catalunya-radio-amb-el-sorteig-duna-panera","status":"publish","type":"post","link":"https:\/\/agora-eoi.xtec.cat\/eoibanyoles\/general\/obert-a-tothom-seguim-collaborant-amb-la-marato-de-tv3-i-catalunya-radio-amb-el-sorteig-duna-panera\/","title":{"rendered":"Obert a tothom &#8211; Seguim col\u00b7laborant amb La Marat\u00f3 de 3Cat &#8211; Sorteig d&#8217;una panera amb productes d&#8217;establiments locals"},"content":{"rendered":"<p><a href=\"https:\/\/agora-eoi.xtec.cat\/eoibanyoles\/wp-content\/uploads\/usu2302\/2024\/11\/IG-and-web-La-Marato-2024.jpg\"><img loading=\"lazy\" decoding=\"async\" class=\"wp-image-12718 aligncenter\" src=\"https:\/\/agora-eoi.xtec.cat\/eoibanyoles\/wp-content\/uploads\/usu2302\/2024\/11\/IG-and-web-La-Marato-2024.jpg\" alt=\"\" width=\"564\" height=\"564\" srcset=\"https:\/\/agora-eoi.xtec.cat\/eoibanyoles\/wp-content\/uploads\/usu2302\/2024\/11\/IG-and-web-La-Marato-2024.jpg 1080w, https:\/\/agora-eoi.xtec.cat\/eoibanyoles\/wp-content\/uploads\/usu2302\/2024\/11\/IG-and-web-La-Marato-2024-300x300.jpg 300w, https:\/\/agora-eoi.xtec.cat\/eoibanyoles\/wp-content\/uploads\/usu2302\/2024\/11\/IG-and-web-La-Marato-2024-1024x1024.jpg 1024w, https:\/\/agora-eoi.xtec.cat\/eoibanyoles\/wp-content\/uploads\/usu2302\/2024\/11\/IG-and-web-La-Marato-2024-150x150.jpg 150w, https:\/\/agora-eoi.xtec.cat\/eoibanyoles\/wp-content\/uploads\/usu2302\/2024\/11\/IG-and-web-La-Marato-2024-768x768.jpg 768w\" sizes=\"auto, (max-width: 564px) 100vw, 564px\" \/><\/a>El dijous 12 de desembre sortegem una panera de Nadal amb productes d&#8217;establiments locals. El donatiu per butlleta \u00e9s de 2 \u20ac i la quantitat que es reculli anir\u00e0 \u00edntegrament a La Marat\u00f3 de 3Cat, aquest any per les malalties respirat\u00f2ries. Per veure l\u2019activitat, podeu clicar <a href=\"https:\/\/www.3cat.cat\/tv3\/marato\/activitats-populars\/2024\/pla-de-l-estany\/2790\/\" target=\"_blank\" rel=\"noopener\">AQU\u00cd<\/a>. Agra\u00efm la col\u00b7laboraci\u00f3 dels seg\u00fcents establiments que, amb el seu donatiu, ens han ajudat a fer aquesta panera:<\/p>\n<p>Cafeteria Iris<\/p>\n<p>Can Gran\u00e9<\/p>\n<p>Can Rami\u00f3<\/p>\n<p>Centre Om<\/p>\n<p>Dawa<\/p>\n<p>Editions Maison des langues<\/p>\n<p>Farm\u00e0cia Rosa Alsius<\/p>\n<p>Flor &amp; Flor<\/p>\n<p>La Local<\/p>\n<p>Llibreria l&#8217;Altell<\/p>\n<p>Llibreria FORUM<\/p>\n<p>Marta Casarramona<\/p>\n<p>Oxford University Press<\/p>\n<p>Perruqueria Jou&#8217;s<\/p>\n<p>Rosa Nadal (diet\u00e8tica)<\/p>\n<p>&nbsp;<\/p>\n<p><a href=\"https:\/\/agora-eoi.xtec.cat\/eoibanyoles\/wp-content\/uploads\/usu2302\/2024\/11\/Logos-3.jpg\"><img loading=\"lazy\" decoding=\"async\" class=\"alignnone size-full wp-image-12729\" src=\"https:\/\/agora-eoi.xtec.cat\/eoibanyoles\/wp-content\/uploads\/usu2302\/2024\/11\/Logos-3.jpg\" alt=\"\" width=\"1280\" height=\"720\" srcset=\"https:\/\/agora-eoi.xtec.cat\/eoibanyoles\/wp-content\/uploads\/usu2302\/2024\/11\/Logos-3.jpg 1280w, https:\/\/agora-eoi.xtec.cat\/eoibanyoles\/wp-content\/uploads\/usu2302\/2024\/11\/Logos-3-300x169.jpg 300w, https:\/\/agora-eoi.xtec.cat\/eoibanyoles\/wp-content\/uploads\/usu2302\/2024\/11\/Logos-3-1024x576.jpg 1024w, https:\/\/agora-eoi.xtec.cat\/eoibanyoles\/wp-content\/uploads\/usu2302\/2024\/11\/Logos-3-768x432.jpg 768w\" sizes=\"auto, (max-width: 1280px) 100vw, 1280px\" \/><\/a><\/p>\n<p>&nbsp;<\/p>\n","protected":false},"excerpt":{"rendered":"<p>El dijous 12 de desembre sortegem una panera de Nadal amb productes d&#8217;establiments locals. El donatiu per butlleta \u00e9s de 2 \u20ac i la quantitat que es reculli anir\u00e0 \u00edntegrament a La Marat\u00f3 de 3Cat, aquest any per les malalties respirat\u00f2ries. Per veure l\u2019activitat, podeu clicar AQU\u00cd. Agra\u00efm la col\u00b7laboraci\u00f3 dels seg\u00fcents establiments que, amb [&hellip;]<\/p>\n","protected":false},"author":1,"featured_media":12718,"comment_status":"closed","ping_status":"closed","sticky":false,"template":"","format":"standard","meta":{"_bbp_topic_count":0,"_bbp_reply_count":0,"_bbp_total_topic_count":0,"_bbp_total_reply_count":0,"_bbp_voice_count":0,"_bbp_anonymous_reply_count":0,"_bbp_topic_count_hidden":0,"_bbp_reply_count_hidden":0,"_bbp_forum_subforum_count":0,"site-sidebar-layout":"default","site-content-layout":"","ast-site-content-layout":"","site-content-style":"default","site-sidebar-style":"default","ast-global-header-display":"","ast-banner-title-visibility":"","ast-main-header-display":"","ast-hfb-above-header-display":"","ast-hfb-below-header-display":"","ast-hfb-mobile-header-display":"","site-post-title":"","ast-breadcrumbs-content":"","ast-featured-img":"","footer-sml-layout":"","theme-transparent-header-meta":"","adv-header-id-meta":"","stick-header-meta":"","header-above-stick-meta":"","header-main-stick-meta":"","header-below-stick-meta":"","astra-migrate-meta-layouts":"default","ast-page-background-enabled":"default","ast-page-background-meta":{"desktop":{"background-color":"var(--ast-global-color-4)","background-image":"","background-repeat":"repeat","background-position":"center center","background-size":"auto","background-attachment":"scroll","background-type":"","background-media":"","overlay-type":"","overlay-color":"","overlay-opacity":"","overlay-gradient":""},"tablet":{"background-color":"","background-image":"","background-repeat":"repeat","background-position":"center center","background-size":"auto","background-attachment":"scroll","background-type":"","background-media":"","overlay-type":"","overlay-color":"","overlay-opacity":"","overlay-gradient":""},"mobile":{"background-color":"","background-image":"","background-repeat":"repeat","background-position":"center center","background-size":"auto","background-attachment":"scroll","background-type":"","background-media":"","overlay-type":"","overlay-color":"","overlay-opacity":"","overlay-gradient":""}},"ast-content-background-meta":{"desktop":{"background-color":"var(--ast-global-color-5)","background-image":"","background-repeat":"repeat","background-position":"center center","background-size":"auto","background-attachment":"scroll","background-type":"","background-media":"","overlay-type":"","overlay-color":"","overlay-opacity":"","overlay-gradient":""},"tablet":{"background-color":"var(--ast-global-color-5)","background-image":"","background-repeat":"repeat","background-position":"center center","background-size":"auto","background-attachment":"scroll","background-type":"","background-media":"","overlay-type":"","overlay-color":"","overlay-opacity":"","overlay-gradient":""},"mobile":{"background-color":"var(--ast-global-color-5)","background-image":"","background-repeat":"repeat","background-position":"center center","background-size":"auto","background-attachment":"scroll","background-type":"","background-media":"","overlay-type":"","overlay-color":"","overlay-opacity":"","overlay-gradient":""}},"footnotes":""},"categories":[1,29],"tags":[],"class_list":["post-11513","post","type-post","status-publish","format-standard","has-post-thumbnail","hentry","category-general","category-portada"],"post_mailing_queue_ids":[],"_links":{"self":[{"href":"https:\/\/agora-eoi.xtec.cat\/eoibanyoles\/wp-json\/wp\/v2\/posts\/11513","targetHints":{"allow":["GET"]}}],"collection":[{"href":"https:\/\/agora-eoi.xtec.cat\/eoibanyoles\/wp-json\/wp\/v2\/posts"}],"about":[{"href":"https:\/\/agora-eoi.xtec.cat\/eoibanyoles\/wp-json\/wp\/v2\/types\/post"}],"author":[{"embeddable":true,"href":"https:\/\/agora-eoi.xtec.cat\/eoibanyoles\/wp-json\/wp\/v2\/users\/1"}],"replies":[{"embeddable":true,"href":"https:\/\/agora-eoi.xtec.cat\/eoibanyoles\/wp-json\/wp\/v2\/comments?post=11513"}],"version-history":[{"count":7,"href":"https:\/\/agora-eoi.xtec.cat\/eoibanyoles\/wp-json\/wp\/v2\/posts\/11513\/revisions"}],"predecessor-version":[{"id":12730,"href":"https:\/\/agora-eoi.xtec.cat\/eoibanyoles\/wp-json\/wp\/v2\/posts\/11513\/revisions\/12730"}],"wp:featuredmedia":[{"embeddable":true,"href":"https:\/\/agora-eoi.xtec.cat\/eoibanyoles\/wp-json\/wp\/v2\/media\/12718"}],"wp:attachment":[{"href":"https:\/\/agora-eoi.xtec.cat\/eoibanyoles\/wp-json\/wp\/v2\/media?parent=11513"}],"wp:term":[{"taxonomy":"category","embeddable":true,"href":"https:\/\/agora-eoi.xtec.cat\/eoibanyoles\/wp-json\/wp\/v2\/categories?post=11513"},{"taxonomy":"post_tag","embeddable":true,"href":"https:\/\/agora-eoi.xtec.cat\/eoibanyoles\/wp-json\/wp\/v2\/tags?post=11513"}],"curies":[{"name":"wp","href":"https:\/\/api.w.org\/{rel}","templated":true}]}}