{"id":12820,"date":"2025-10-13T11:36:07","date_gmt":"2025-10-13T09:36:07","guid":{"rendered":"https:\/\/agora-eoi.xtec.cat\/eoibadalona\/?p=12820"},"modified":"2025-10-13T11:41:41","modified_gmt":"2025-10-13T09:41:41","slug":"horaris-de-la-biblioteca","status":"publish","type":"post","link":"https:\/\/agora-eoi.xtec.cat\/eoibadalona\/portada\/noticies\/horaris-de-la-biblioteca\/","title":{"rendered":"Horaris de la biblioteca"},"content":{"rendered":"<div style=\"position: relative; width: 100%; height: 0; padding-top: 100.0000%; padding-bottom: 0; box-shadow: 0 2px 8px 0 rgba(63,69,81,0.16); margin-top: 1.6em; margin-bottom: 0.9em; overflow: hidden; border-radius: 8px; will-change: transform;\"><iframe style=\"position: absolute; width: 100%; height: 100%; top: 0; left: 0; border: none; padding: 0; margin: 0;\" src=\"https:\/\/www.canva.com\/design\/DAG1qXlJN4Q\/tsskoWGAqU6hmG6cAz_XrQ\/view?embed\" allowfullscreen=\"allowfullscreen\"><br \/>\n<\/iframe><\/div>\n<p><a href=\"https:\/\/www.canva.com\/design\/DAG1qXlJN4Q\/tsskoWGAqU6hmG6cAz_XrQ\/view?utm_content=DAG1qXlJN4Q&amp;utm_campaign=designshare&amp;utm_medium=embeds&amp;utm_source=link\" target=\"_blank\" rel=\"noopener\">Reobrim la biblioteca de l\u2019escola.<\/a>\u00a0Per a m\u00e9s informaci\u00f3 sobre pr\u00e9stec, <a href=\"https:\/\/agora-eoi.xtec.cat\/eoibadalona\/el-servei-educatiu\/serveis\/biblioteca\/\" target=\"_blank\" rel=\"noopener\">clica aqu\u00ed<\/a>.<\/p>\n","protected":false},"excerpt":{"rendered":"<p><a href=\"https:\/\/www.canva.com\/design\/DAG1qXlJN4Q\/tsskoWGAqU6hmG6cAz_XrQ\/view?utm_content=DAG1qXlJN4Q&amp;utm_campaign=designshare&amp;utm_medium=embeds&amp;utm_source=link\" target=\"_blank\" rel=\"noopener\">Reobrim la biblioteca de l\u2019escola.<\/a>\u00a0Per a m\u00e9s informaci\u00f3 sobre pr\u00e9stec, <a href=\"https:\/\/agora-eoi.xtec.cat\/eoibadalona\/el-servei-educatiu\/serveis\/biblioteca\/\" target=\"_blank\" rel=\"noopener\">clica aqu\u00ed<\/a>.<\/p>\n","protected":false},"author":1,"featured_media":0,"comment_status":"closed","ping_status":"closed","sticky":false,"template":"","format":"standard","meta":{"_bbp_topic_count":0,"_bbp_reply_count":0,"_bbp_total_topic_count":0,"_bbp_total_reply_count":0,"_bbp_voice_count":0,"_bbp_anonymous_reply_count":0,"_bbp_topic_count_hidden":0,"_bbp_reply_count_hidden":0,"_bbp_forum_subforum_count":0,"footnotes":""},"categories":[1,29],"tags":[],"class_list":["post-12820","post","type-post","status-publish","format-standard","hentry","category-noticies","category-portada"],"post_mailing_queue_ids":[],"_links":{"self":[{"href":"https:\/\/agora-eoi.xtec.cat\/eoibadalona\/wp-json\/wp\/v2\/posts\/12820","targetHints":{"allow":["GET"]}}],"collection":[{"href":"https:\/\/agora-eoi.xtec.cat\/eoibadalona\/wp-json\/wp\/v2\/posts"}],"about":[{"href":"https:\/\/agora-eoi.xtec.cat\/eoibadalona\/wp-json\/wp\/v2\/types\/post"}],"author":[{"embeddable":true,"href":"https:\/\/agora-eoi.xtec.cat\/eoibadalona\/wp-json\/wp\/v2\/users\/1"}],"replies":[{"embeddable":true,"href":"https:\/\/agora-eoi.xtec.cat\/eoibadalona\/wp-json\/wp\/v2\/comments?post=12820"}],"version-history":[{"count":5,"href":"https:\/\/agora-eoi.xtec.cat\/eoibadalona\/wp-json\/wp\/v2\/posts\/12820\/revisions"}],"predecessor-version":[{"id":12825,"href":"https:\/\/agora-eoi.xtec.cat\/eoibadalona\/wp-json\/wp\/v2\/posts\/12820\/revisions\/12825"}],"wp:attachment":[{"href":"https:\/\/agora-eoi.xtec.cat\/eoibadalona\/wp-json\/wp\/v2\/media?parent=12820"}],"wp:term":[{"taxonomy":"category","embeddable":true,"href":"https:\/\/agora-eoi.xtec.cat\/eoibadalona\/wp-json\/wp\/v2\/categories?post=12820"},{"taxonomy":"post_tag","embeddable":true,"href":"https:\/\/agora-eoi.xtec.cat\/eoibadalona\/wp-json\/wp\/v2\/tags?post=12820"}],"curies":[{"name":"wp","href":"https:\/\/api.w.org\/{rel}","templated":true}]}}