{"id":11851,"date":"2025-10-15T11:30:05","date_gmt":"2025-10-15T09:30:05","guid":{"rendered":"https:\/\/agora-eoi.xtec.cat\/eoialtpenedes\/?p=11851"},"modified":"2025-10-16T18:30:23","modified_gmt":"2025-10-16T16:30:23","slug":"la-nostra-eoi-a-la-fira-exit-de-les-professions-del-penedes","status":"publish","type":"post","link":"https:\/\/agora-eoi.xtec.cat\/eoialtpenedes\/general\/la-nostra-eoi-a-la-fira-exit-de-les-professions-del-penedes\/","title":{"rendered":"La nostra EOI a la Fira \u00c8xit de les Professions del Pened\u00e8s"},"content":{"rendered":"<p data-start=\"338\" data-end=\"578\"><a href=\"https:\/\/agora-eoi.xtec.cat\/eoialtpenedes\/wp-content\/uploads\/usu2251\/2025\/10\/b3c55670-fc97-40a9-b6da-1dd183883c5a.jpg\"><img loading=\"lazy\" decoding=\"async\" class=\"size-medium wp-image-11852 alignleft\" src=\"https:\/\/agora-eoi.xtec.cat\/eoialtpenedes\/wp-content\/uploads\/usu2251\/2025\/10\/b3c55670-fc97-40a9-b6da-1dd183883c5a-300x225.jpg\" alt=\"\" width=\"300\" height=\"225\" srcset=\"https:\/\/agora-eoi.xtec.cat\/eoialtpenedes\/wp-content\/uploads\/usu2251\/2025\/10\/b3c55670-fc97-40a9-b6da-1dd183883c5a-300x225.jpg 300w, https:\/\/agora-eoi.xtec.cat\/eoialtpenedes\/wp-content\/uploads\/usu2251\/2025\/10\/b3c55670-fc97-40a9-b6da-1dd183883c5a-1024x768.jpg 1024w, https:\/\/agora-eoi.xtec.cat\/eoialtpenedes\/wp-content\/uploads\/usu2251\/2025\/10\/b3c55670-fc97-40a9-b6da-1dd183883c5a-768x576.jpg 768w, https:\/\/agora-eoi.xtec.cat\/eoialtpenedes\/wp-content\/uploads\/usu2251\/2025\/10\/b3c55670-fc97-40a9-b6da-1dd183883c5a-1536x1152.jpg 1536w, https:\/\/agora-eoi.xtec.cat\/eoialtpenedes\/wp-content\/uploads\/usu2251\/2025\/10\/b3c55670-fc97-40a9-b6da-1dd183883c5a.jpg 1600w\" sizes=\"auto, (max-width: 300px) 100vw, 300px\" \/><\/a> Els dies <strong data-start=\"347\" data-end=\"368\">14 i 16 d\u2019octubre<\/strong>, l\u2019<strong data-start=\"372\" data-end=\"417\">Escola Oficial d\u2019Idiomes de l\u2019Alt Pened\u00e8s<\/strong> va participar a la <a href=\"https:\/\/exit.vilafranca.cat\/\"><strong data-start=\"437\" data-end=\"481\">Fira \u00c8xit de les Professions del Pened\u00e8s<\/strong><\/a>, una trobada dedicada a orientar i inspirar els joves en el seu futur acad\u00e8mic i professional.<\/p>\n<p data-start=\"580\" data-end=\"918\">L\u2019equip de l\u2019escola va donar a con\u00e8ixer la nostra <strong data-start=\"630\" data-end=\"650\">oferta formativa<\/strong> i va explicar als visitants <strong data-start=\"679\" data-end=\"728\">com l\u2019aprenentatge d\u2019idiomes pot obrir portes<\/strong>, tant en l\u2019\u00e0mbit laboral com personal. Molts estudiants es van interessar pels <strong data-start=\"819\" data-end=\"859\">nivells, les certificacions oficials<\/strong> i les <strong data-start=\"866\" data-end=\"882\">oportunitats<\/strong> que ofereixen els nostres cursos.<\/p>\n<p data-start=\"920\" data-end=\"1325\">A m\u00e9s, vam organitzar <strong data-start=\"942\" data-end=\"979\">din\u00e0miques <\/strong>relacionades amb <strong data-start=\"997\" data-end=\"1021\">l\u2019orientaci\u00f3 laboral<\/strong>, com ara <strong data-start=\"1031\" data-end=\"1068\">simulacres d\u2019entrevistes de feina en angl\u00e8s i en franc\u00e8s<\/strong>. Els participants s\u2019ho van passar d\u2019all\u00f2 m\u00e9s b\u00e9 mentre practicaven idiomes i descobrien la import\u00e0ncia de comunicar-se amb confian\u00e7a en el m\u00f3n professional.<\/p>\n<p data-start=\"920\" data-end=\"1325\"><a href=\"https:\/\/agora-eoi.xtec.cat\/eoialtpenedes\/wp-content\/uploads\/usu2251\/2025\/10\/100b0cd9-d0ed-440d-9a86-e13b35bbcc03.jpg\"><img loading=\"lazy\" decoding=\"async\" class=\"size-medium wp-image-11853 alignright\" src=\"https:\/\/agora-eoi.xtec.cat\/eoialtpenedes\/wp-content\/uploads\/usu2251\/2025\/10\/100b0cd9-d0ed-440d-9a86-e13b35bbcc03-300x225.jpg\" alt=\"\" width=\"300\" height=\"225\" srcset=\"https:\/\/agora-eoi.xtec.cat\/eoialtpenedes\/wp-content\/uploads\/usu2251\/2025\/10\/100b0cd9-d0ed-440d-9a86-e13b35bbcc03-300x225.jpg 300w, https:\/\/agora-eoi.xtec.cat\/eoialtpenedes\/wp-content\/uploads\/usu2251\/2025\/10\/100b0cd9-d0ed-440d-9a86-e13b35bbcc03-1024x768.jpg 1024w, https:\/\/agora-eoi.xtec.cat\/eoialtpenedes\/wp-content\/uploads\/usu2251\/2025\/10\/100b0cd9-d0ed-440d-9a86-e13b35bbcc03-768x576.jpg 768w, https:\/\/agora-eoi.xtec.cat\/eoialtpenedes\/wp-content\/uploads\/usu2251\/2025\/10\/100b0cd9-d0ed-440d-9a86-e13b35bbcc03-1536x1152.jpg 1536w, https:\/\/agora-eoi.xtec.cat\/eoialtpenedes\/wp-content\/uploads\/usu2251\/2025\/10\/100b0cd9-d0ed-440d-9a86-e13b35bbcc03.jpg 2040w\" sizes=\"auto, (max-width: 300px) 100vw, 300px\" \/><\/a><\/p>\n<p data-start=\"1327\" data-end=\"1569\">La participaci\u00f3 a la fira va ser una <strong data-start=\"1364\" data-end=\"1407\">experi\u00e8ncia molt positiva i enriquidora<\/strong>, que ens va permetre apropar-nos a la comunitat educativa del Pened\u00e8s i compartir la import\u00e0ncia de dominar diverses lleng\u00fces en un m\u00f3n cada vegada m\u00e9s global.<\/p>\n<p data-start=\"1571\" data-end=\"1637\">Moltes gr\u00e0cies a totes les persones que ens vau venir a visitar!<\/p>\n","protected":false},"excerpt":{"rendered":"<p>Els dies 14 i 16 d\u2019octubre, l\u2019Escola Oficial d\u2019Idiomes de l\u2019Alt Pened\u00e8s va participar a la Fira \u00c8xit de les Professions del Pened\u00e8s, una trobada dedicada a orientar i inspirar els joves en el seu futur acad\u00e8mic i professional. L\u2019equip de l\u2019escola va donar a con\u00e8ixer la nostra oferta formativa i va explicar als visitants [&hellip;]<\/p>\n","protected":false},"author":1,"featured_media":11874,"comment_status":"closed","ping_status":"open","sticky":false,"template":"","format":"standard","meta":{"_bbp_topic_count":0,"_bbp_reply_count":0,"_bbp_total_topic_count":0,"_bbp_total_reply_count":0,"_bbp_voice_count":0,"_bbp_anonymous_reply_count":0,"_bbp_topic_count_hidden":0,"_bbp_reply_count_hidden":0,"_bbp_forum_subforum_count":0,"site-sidebar-layout":"default","site-content-layout":"","ast-site-content-layout":"default","site-content-style":"default","site-sidebar-style":"default","ast-global-header-display":"","ast-banner-title-visibility":"","ast-main-header-display":"","ast-hfb-above-header-display":"","ast-hfb-below-header-display":"","ast-hfb-mobile-header-display":"","site-post-title":"","ast-breadcrumbs-content":"","ast-featured-img":"","footer-sml-layout":"","theme-transparent-header-meta":"default","adv-header-id-meta":"","stick-header-meta":"","header-above-stick-meta":"","header-main-stick-meta":"","header-below-stick-meta":"","astra-migrate-meta-layouts":"set","ast-page-background-enabled":"default","ast-page-background-meta":{"desktop":{"background-color":"var(--ast-global-color-4)","background-image":"","background-repeat":"repeat","background-position":"center center","background-size":"auto","background-attachment":"scroll","background-type":"","background-media":"","overlay-type":"","overlay-color":"","overlay-opacity":"","overlay-gradient":""},"tablet":{"background-color":"","background-image":"","background-repeat":"repeat","background-position":"center center","background-size":"auto","background-attachment":"scroll","background-type":"","background-media":"","overlay-type":"","overlay-color":"","overlay-opacity":"","overlay-gradient":""},"mobile":{"background-color":"","background-image":"","background-repeat":"repeat","background-position":"center center","background-size":"auto","background-attachment":"scroll","background-type":"","background-media":"","overlay-type":"","overlay-color":"","overlay-opacity":"","overlay-gradient":""}},"ast-content-background-meta":{"desktop":{"background-color":"var(--ast-global-color-5)","background-image":"","background-repeat":"repeat","background-position":"center center","background-size":"auto","background-attachment":"scroll","background-type":"","background-media":"","overlay-type":"","overlay-color":"","overlay-opacity":"","overlay-gradient":""},"tablet":{"background-color":"var(--ast-global-color-5)","background-image":"","background-repeat":"repeat","background-position":"center center","background-size":"auto","background-attachment":"scroll","background-type":"","background-media":"","overlay-type":"","overlay-color":"","overlay-opacity":"","overlay-gradient":""},"mobile":{"background-color":"var(--ast-global-color-5)","background-image":"","background-repeat":"repeat","background-position":"center center","background-size":"auto","background-attachment":"scroll","background-type":"","background-media":"","overlay-type":"","overlay-color":"","overlay-opacity":"","overlay-gradient":""}},"footnotes":""},"categories":[1],"tags":[],"class_list":["post-11851","post","type-post","status-publish","format-standard","has-post-thumbnail","hentry","category-general"],"post_mailing_queue_ids":[],"_links":{"self":[{"href":"https:\/\/agora-eoi.xtec.cat\/eoialtpenedes\/wp-json\/wp\/v2\/posts\/11851","targetHints":{"allow":["GET"]}}],"collection":[{"href":"https:\/\/agora-eoi.xtec.cat\/eoialtpenedes\/wp-json\/wp\/v2\/posts"}],"about":[{"href":"https:\/\/agora-eoi.xtec.cat\/eoialtpenedes\/wp-json\/wp\/v2\/types\/post"}],"author":[{"embeddable":true,"href":"https:\/\/agora-eoi.xtec.cat\/eoialtpenedes\/wp-json\/wp\/v2\/users\/1"}],"replies":[{"embeddable":true,"href":"https:\/\/agora-eoi.xtec.cat\/eoialtpenedes\/wp-json\/wp\/v2\/comments?post=11851"}],"version-history":[{"count":4,"href":"https:\/\/agora-eoi.xtec.cat\/eoialtpenedes\/wp-json\/wp\/v2\/posts\/11851\/revisions"}],"predecessor-version":[{"id":11873,"href":"https:\/\/agora-eoi.xtec.cat\/eoialtpenedes\/wp-json\/wp\/v2\/posts\/11851\/revisions\/11873"}],"wp:featuredmedia":[{"embeddable":true,"href":"https:\/\/agora-eoi.xtec.cat\/eoialtpenedes\/wp-json\/wp\/v2\/media\/11874"}],"wp:attachment":[{"href":"https:\/\/agora-eoi.xtec.cat\/eoialtpenedes\/wp-json\/wp\/v2\/media?parent=11851"}],"wp:term":[{"taxonomy":"category","embeddable":true,"href":"https:\/\/agora-eoi.xtec.cat\/eoialtpenedes\/wp-json\/wp\/v2\/categories?post=11851"},{"taxonomy":"post_tag","embeddable":true,"href":"https:\/\/agora-eoi.xtec.cat\/eoialtpenedes\/wp-json\/wp\/v2\/tags?post=11851"}],"curies":[{"name":"wp","href":"https:\/\/api.w.org\/{rel}","templated":true}]}}