{"id":11655,"date":"2025-10-28T09:22:39","date_gmt":"2025-10-28T08:22:39","guid":{"rendered":"https:\/\/agora-eoi.xtec.cat\/eoi-lapau\/?p=11655"},"modified":"2026-02-23T17:23:43","modified_gmt":"2026-02-23T16:23:43","slug":"certificats-dangles-de-nivell-b1-b2-c1-convocatoria-extraordinaria-gener-2026","status":"publish","type":"post","link":"https:\/\/agora-eoi.xtec.cat\/eoi-lapau\/general\/certificats-dangles-de-nivell-b1-b2-c1-convocatoria-extraordinaria-gener-2026\/","title":{"rendered":"Certificats d\u2019angl\u00e8s de nivell B1, B2, C1. Convocat\u00f2ria extraordin\u00e0ria gener 2026"},"content":{"rendered":"<p><strong>Inscripcions<\/strong>: del 10 al 14 de novembre de 2025<\/p>\n<p><strong>Prova escrita<\/strong>: 30 de gener del 2026, a les 15:30h.<\/p>\n<p><strong>Prova d\u2019expressi\u00f3 i interacci\u00f3 oral<\/strong>: Divendres 6 de febrer (a la tarda), segons la convocat\u00f2ria personal lliurada a cada persona aspirant el dia de la prova escrita.<\/p>\n<p><a href=\"https:\/\/educacio.gencat.cat\/ca\/serveis-tramits\/proves\/proves-lliures-obtencio-titols\/convocat-extraord-idiomes\/\">Aqu\u00ed<\/a> teniu tota la informaci\u00f3 sobre les proves, les dates importants i la normativa sobre els certificats d\u2019idiomes de les EOI.<\/p>\n<p>&nbsp;<\/p>\n<p>&nbsp;<\/p>\n","protected":false},"excerpt":{"rendered":"<p>Inscripcions: del 10 al 14 de novembre de 2025<br \/>\nProva escrita: 30 de gener del 2026, a les 15:30h.<br \/>\nProva d\u2019expressi\u00f3 i interacci\u00f3 oral: Divendres 6 de febrer (a la tarda), segons la convocat\u00f2ria personal lliurada a cada persona aspirant el dia de la prova escrita.<br \/>\n<a href=\"https:\/\/educacio.gencat.cat\/ca\/serveis-tramits\/proves\/proves-lliures-obtencio-titols\/convocat-extraord-idiomes\/\">Aqu\u00ed<\/a>&hellip;  <a href=\"https:\/\/agora-eoi.xtec.cat\/eoi-lapau\/general\/certificats-dangles-de-nivell-b1-b2-c1-convocatoria-extraordinaria-gener-2026\/\" title=\"Read Certificats d\u2019angl\u00e8s de nivell B1, B2, C1. Convocat\u00f2ria extraordin\u00e0ria gener 2026\">Llegeix m\u00e9s\u00bb<\/a><\/p>\n","protected":false},"author":1,"featured_media":11064,"comment_status":"closed","ping_status":"open","sticky":false,"template":"","format":"standard","meta":{"_bbp_topic_count":0,"_bbp_reply_count":0,"_bbp_total_topic_count":0,"_bbp_total_reply_count":0,"_bbp_voice_count":0,"_bbp_anonymous_reply_count":0,"_bbp_topic_count_hidden":0,"_bbp_reply_count_hidden":0,"_bbp_forum_subforum_count":0,"footnotes":""},"categories":[1],"tags":[],"class_list":["post-11655","post","type-post","status-publish","format-standard","has-post-thumbnail","hentry","category-general"],"post_mailing_queue_ids":[],"_links":{"self":[{"href":"https:\/\/agora-eoi.xtec.cat\/eoi-lapau\/wp-json\/wp\/v2\/posts\/11655","targetHints":{"allow":["GET"]}}],"collection":[{"href":"https:\/\/agora-eoi.xtec.cat\/eoi-lapau\/wp-json\/wp\/v2\/posts"}],"about":[{"href":"https:\/\/agora-eoi.xtec.cat\/eoi-lapau\/wp-json\/wp\/v2\/types\/post"}],"author":[{"embeddable":true,"href":"https:\/\/agora-eoi.xtec.cat\/eoi-lapau\/wp-json\/wp\/v2\/users\/1"}],"replies":[{"embeddable":true,"href":"https:\/\/agora-eoi.xtec.cat\/eoi-lapau\/wp-json\/wp\/v2\/comments?post=11655"}],"version-history":[{"count":3,"href":"https:\/\/agora-eoi.xtec.cat\/eoi-lapau\/wp-json\/wp\/v2\/posts\/11655\/revisions"}],"predecessor-version":[{"id":11672,"href":"https:\/\/agora-eoi.xtec.cat\/eoi-lapau\/wp-json\/wp\/v2\/posts\/11655\/revisions\/11672"}],"wp:featuredmedia":[{"embeddable":true,"href":"https:\/\/agora-eoi.xtec.cat\/eoi-lapau\/wp-json\/wp\/v2\/media\/11064"}],"wp:attachment":[{"href":"https:\/\/agora-eoi.xtec.cat\/eoi-lapau\/wp-json\/wp\/v2\/media?parent=11655"}],"wp:term":[{"taxonomy":"category","embeddable":true,"href":"https:\/\/agora-eoi.xtec.cat\/eoi-lapau\/wp-json\/wp\/v2\/categories?post=11655"},{"taxonomy":"post_tag","embeddable":true,"href":"https:\/\/agora-eoi.xtec.cat\/eoi-lapau\/wp-json\/wp\/v2\/tags?post=11655"}],"curies":[{"name":"wp","href":"https:\/\/api.w.org\/{rel}","templated":true}]}}